{"id":383,"date":"2020-05-27T11:13:36","date_gmt":"2020-05-27T09:13:36","guid":{"rendered":"http:\/\/newblog.gopos.pl\/?p=383"},"modified":"2021-07-28T11:12:05","modified_gmt":"2021-07-28T09:12:05","slug":"rozliczenie-straty-gastronomii-2020","status":"publish","type":"post","link":"https:\/\/gopos.pl\/blog\/2020\/05\/27\/rozliczenie-straty-gastronomii-2020\/","title":{"rendered":"Rozliczenie straty z gastronomii za rok 2020"},"content":{"rendered":"<p>Bran\u017ca gastronomiczna ponios\u0142a i nadal ponosi straty z powodu pandemii COVID-19. Restauracje, bary czy kawiarnie przez ponad dwa miesi\u0105ce pozostawa\u0142y ca\u0142kowicie zamkni\u0119te, a jedyne \u017ar\u00f3d\u0142o dochod\u00f3w stanowi\u0142o oferowanie jedzenia na wynos lub z dostaw\u0105. Co prawda 18 maja dopuszczono funkcjonowanie gastronomii z pewnymi ograniczeniami, jednak nie niweluje to poniesionych strat. W tym kontek\u015bcie przedsi\u0119biorcy b\u0119d\u0105cy podatnikami podatku dochodowego CIT lub PIT powinni si\u0119 zastanowi\u0107 nad mo\u017cliwo\u015bci\u0105 odliczenia poniesionych strat w roku 2020 od dochodu uzyskanego za rok 2019.<\/p>\n<p><!--more--><\/p>\n<p>Ustawa o zmianie ustawy o szczeg\u00f3lnych rozwi\u0105zaniach zwi\u0105zanych z zapobieganiem, przeciwdzia\u0142aniem i zwalczaniem COVID-19, innych chor\u00f3b zaka\u017anych oraz wywo\u0142anych nimi sytuacji kryzysowych oraz niekt\u00f3rych innych ustaw w brzmieniu obowi\u0105zuj\u0105cym od 1 kwietnia 2020 r. daje podatnikom prawo do odliczenia straty poniesionej w bie\u017c\u0105cym roku, czyli 2020 r. w zeznaniu podatkowym za rok 2019. Je\u017celi podatnik z\u0142o\u017cy\u0142 ju\u017c zeznanie roczne za rok 2019 mo\u017ce dokona\u0107 jego korekty.<\/p>\n<h3>Jakie warunki musz\u0105 by\u0107 spe\u0142nione, aby odliczy\u0107 strat\u0119 za rok 2020 w zeznaniu rocznym za 2019?<\/h3>\n<p><strong>Pierwszy warunek<\/strong> to poniesienie straty w roku podatkowym, kt\u00f3ry rozpocz\u0105\u0142 si\u0119 przed dniem 1 stycznia 2020 r. a zako\u0144czy si\u0119 po dniu 31 grudnia 2019 r., lub rozpocz\u0105\u0142 si\u0119 po dniu 31 grudnia 2019 r. a przed dniem 1 stycznia 2021 r.<\/p>\n<p><strong>Drugi warunek<\/strong> to osi\u0105gni\u0119cie przychod\u00f3w ni\u017cszych o co najmniej 50% od przychod\u00f3w uzyskanych w roku 2019, lub w roku bezpo\u015brednio poprzedzaj\u0105cym rok podatkowy, o kt\u00f3rym mowa w warunku pierwszym.<\/p>\n<p>Warunki te musz\u0105 by\u0107 spe\u0142nione \u0142\u0105cznie.<\/p>\n<h3>W jakiej wysoko\u015bci mo\u017cna odliczy\u0107 strat\u0119?<\/h3>\n<p>Podatnicy mog\u0105 jednorazowo obni\u017cy\u0107 doch\u00f3d uzyskany w roku podatkowym poprzedzaj\u0105cym poniesienie straty o kwot\u0119 tej straty, <strong>jednak nie wi\u0119cej ni\u017c o 5 000 000 z\u0142<\/strong>. Pozosta\u0142\u0105 kwot\u0119 straty mo\u017cna odliczy\u0107 na zasadach og\u00f3lnych.<\/p>\n<h3>Co w przypadku gdy podatnik z\u0142o\u017cy\u0142 ju\u017c zeznanie roczne za rok 2019 ?<\/h3>\n<p>W przypadku gdy podatnik z\u0142o\u017cy\u0142 ju\u017c zeznanie roczne mo\u017ce on z\u0142o\u017cy\u0107 korekt\u0119 zeznania podatkowego.<\/p>\n<h3>Jakie korzy\u015bci podatnik mo\u017ce osi\u0105gn\u0105\u0107 w zwi\u0105zku z odliczeniem straty za rok 2020?<\/h3>\n<p>Odliczenie straty osi\u0105gni\u0119tej w roku 2020 od dochodu uzyskanego w 2019 r. spowoduje pomniejszenie podstawy opodatkowania. W konsekwencji powy\u017cszego podatnik ma prawo do zwrotu nadp\u0142aconego podatku.<\/p>\n<p><em>Na przyk\u0142ad:<br \/>\n Firma X osi\u0105gn\u0119\u0142a w roku 2020 r. strat\u0119 w wysoko\u015bci 2 000 000 z\u0142. Firma op\u0142aca podatek wed\u0142ug stawki 19%. Rozliczaj\u0105c strat\u0119 osi\u0105gni\u0119t\u0105 w roku 2020 za rok 2019 firma X mo\u017ce odzyska\u0107 maksymalnie 380 000 z\u0142 nadp\u0142aconego podatku.<\/em><\/p>\n<p>Odpowiedzi na pytania udzieli\u0142a nam adwokat Patrycja Bia\u0142as.<\/p>\n","protected":false},"excerpt":{"rendered":"<p>Bran\u017ca gastronomiczna ponios\u0142a i nadal ponosi straty z powodu pandemii COVID-19. Restauracje, bary czy kawiarnie przez ponad dwa miesi\u0105ce pozostawa\u0142y ca\u0142kowicie zamkni\u0119te, a jedyne \u017ar\u00f3d\u0142o dochod\u00f3w stanowi\u0142o oferowanie jedzenia na wynos lub z dostaw\u0105. Co prawda 18 maja dopuszczono funkcjonowanie gastronomii z pewnymi ograniczeniami, jednak nie niweluje to poniesionych strat. W tym kontek\u015bcie przedsi\u0119biorcy b\u0119d\u0105cy &hellip; <a href=\"https:\/\/gopos.pl\/blog\/2020\/05\/27\/rozliczenie-straty-gastronomii-2020\/\" class=\"more-link\">Czytaj dalej <span class=\"screen-reader-text\">Rozliczenie straty z gastronomii za rok 2020<\/span><\/a><\/p>\n","protected":false},"author":7,"featured_media":384,"comment_status":"open","ping_status":"open","sticky":false,"template":"","format":"standard","meta":[],"categories":[13],"tags":[],"yoast_head":"<!-- This site is optimized with the Yoast SEO plugin v20.8 - https:\/\/yoast.com\/wordpress\/plugins\/seo\/ -->\n<title>Rozliczenie straty z gastronomii za rok 2020 | Blog - Blog GoPOS<\/title>\n<meta name=\"description\" content=\"GoPos \u27a4 Rozliczenie straty z gastronomii za rok 2020 \u2b50 Porady i nowo\u015bci z bran\u017cy gastronomicznej \u2b50 Czytaj!\" \/>\n<meta name=\"robots\" content=\"index, follow, max-snippet:-1, max-image-preview:large, max-video-preview:-1\" \/>\n<link rel=\"canonical\" href=\"https:\/\/gopos.pl\/blog\/2020\/05\/27\/rozliczenie-straty-gastronomii-2020\/\" \/>\n<meta property=\"og:locale\" content=\"pl_PL\" \/>\n<meta property=\"og:type\" content=\"article\" \/>\n<meta property=\"og:title\" content=\"Rozliczenie straty z gastronomii za rok 2020 | Blog - Blog GoPOS\" \/>\n<meta property=\"og:description\" content=\"GoPos \u27a4 Rozliczenie straty z gastronomii za rok 2020 \u2b50 Porady i nowo\u015bci z bran\u017cy gastronomicznej \u2b50 Czytaj!\" \/>\n<meta property=\"og:url\" content=\"https:\/\/gopos.pl\/blog\/2020\/05\/27\/rozliczenie-straty-gastronomii-2020\/\" \/>\n<meta property=\"og:site_name\" content=\"Blog GoPOS\" \/>\n<meta property=\"article:published_time\" content=\"2020-05-27T09:13:36+00:00\" \/>\n<meta property=\"article:modified_time\" content=\"2021-07-28T09:12:05+00:00\" \/>\n<meta property=\"og:image\" content=\"https:\/\/gopos.pl\/blog\/wp-content\/uploads\/2020\/05\/rozliczenie-straty.jpg\" \/>\n\t<meta property=\"og:image:width\" content=\"804\" \/>\n\t<meta property=\"og:image:height\" content=\"452\" \/>\n\t<meta property=\"og:image:type\" content=\"image\/jpeg\" \/>\n<meta name=\"author\" content=\"biurogopos\" \/>\n<meta name=\"twitter:card\" content=\"summary_large_image\" \/>\n<meta name=\"twitter:label1\" content=\"Napisane przez\" \/>\n\t<meta name=\"twitter:data1\" content=\"biurogopos\" \/>\n\t<meta name=\"twitter:label2\" content=\"Szacowany czas czytania\" \/>\n\t<meta name=\"twitter:data2\" content=\"2 minuty\" \/>\n<script type=\"application\/ld+json\" class=\"yoast-schema-graph\">{\"@context\":\"https:\/\/schema.org\",\"@graph\":[{\"@type\":\"WebPage\",\"@id\":\"https:\/\/gopos.pl\/blog\/2020\/05\/27\/rozliczenie-straty-gastronomii-2020\/\",\"url\":\"https:\/\/gopos.pl\/blog\/2020\/05\/27\/rozliczenie-straty-gastronomii-2020\/\",\"name\":\"Rozliczenie straty z gastronomii za rok 2020 | Blog - Blog GoPOS\",\"isPartOf\":{\"@id\":\"https:\/\/gopos.pl\/blog\/#website\"},\"datePublished\":\"2020-05-27T09:13:36+00:00\",\"dateModified\":\"2021-07-28T09:12:05+00:00\",\"author\":{\"@id\":\"https:\/\/gopos.pl\/blog\/#\/schema\/person\/1f9f802ec3d1fa841185c522ac70a866\"},\"description\":\"GoPos \u27a4 Rozliczenie straty z gastronomii za rok 2020 \u2b50 Porady i nowo\u015bci z bran\u017cy gastronomicznej \u2b50 Czytaj!\",\"breadcrumb\":{\"@id\":\"https:\/\/gopos.pl\/blog\/2020\/05\/27\/rozliczenie-straty-gastronomii-2020\/#breadcrumb\"},\"inLanguage\":\"pl-PL\",\"potentialAction\":[{\"@type\":\"ReadAction\",\"target\":[\"https:\/\/gopos.pl\/blog\/2020\/05\/27\/rozliczenie-straty-gastronomii-2020\/\"]}]},{\"@type\":\"BreadcrumbList\",\"@id\":\"https:\/\/gopos.pl\/blog\/2020\/05\/27\/rozliczenie-straty-gastronomii-2020\/#breadcrumb\",\"itemListElement\":[{\"@type\":\"ListItem\",\"position\":1,\"name\":\"Strona g\u0142\u00f3wna\",\"item\":\"https:\/\/gopos.pl\/blog\/\"},{\"@type\":\"ListItem\",\"position\":2,\"name\":\"Rozliczenie straty z gastronomii za rok 2020\"}]},{\"@type\":\"WebSite\",\"@id\":\"https:\/\/gopos.pl\/blog\/#website\",\"url\":\"https:\/\/gopos.pl\/blog\/\",\"name\":\"Blog GoPOS\",\"description\":\"Najnowsze informacje ze \u015bwiata gastronomii \u2014 blog GoPOS\",\"potentialAction\":[{\"@type\":\"SearchAction\",\"target\":{\"@type\":\"EntryPoint\",\"urlTemplate\":\"https:\/\/gopos.pl\/blog\/?s={search_term_string}\"},\"query-input\":\"required name=search_term_string\"}],\"inLanguage\":\"pl-PL\"},{\"@type\":\"Person\",\"@id\":\"https:\/\/gopos.pl\/blog\/#\/schema\/person\/1f9f802ec3d1fa841185c522ac70a866\",\"name\":\"biurogopos\",\"image\":{\"@type\":\"ImageObject\",\"inLanguage\":\"pl-PL\",\"@id\":\"https:\/\/gopos.pl\/blog\/#\/schema\/person\/image\/\",\"url\":\"https:\/\/secure.gravatar.com\/avatar\/1c00fc15a622f16867f039b13c221546?s=96&d=mm&r=g\",\"contentUrl\":\"https:\/\/secure.gravatar.com\/avatar\/1c00fc15a622f16867f039b13c221546?s=96&d=mm&r=g\",\"caption\":\"biurogopos\"},\"url\":\"https:\/\/gopos.pl\/blog\/author\/biurogopos\/\"}]}<\/script>\n<!-- \/ Yoast SEO plugin. -->","yoast_head_json":{"title":"Rozliczenie straty z gastronomii za rok 2020 | Blog - Blog GoPOS","description":"GoPos \u27a4 Rozliczenie straty z gastronomii za rok 2020 \u2b50 Porady i nowo\u015bci z bran\u017cy gastronomicznej \u2b50 Czytaj!","robots":{"index":"index","follow":"follow","max-snippet":"max-snippet:-1","max-image-preview":"max-image-preview:large","max-video-preview":"max-video-preview:-1"},"canonical":"https:\/\/gopos.pl\/blog\/2020\/05\/27\/rozliczenie-straty-gastronomii-2020\/","og_locale":"pl_PL","og_type":"article","og_title":"Rozliczenie straty z gastronomii za rok 2020 | Blog - Blog GoPOS","og_description":"GoPos \u27a4 Rozliczenie straty z gastronomii za rok 2020 \u2b50 Porady i nowo\u015bci z bran\u017cy gastronomicznej \u2b50 Czytaj!","og_url":"https:\/\/gopos.pl\/blog\/2020\/05\/27\/rozliczenie-straty-gastronomii-2020\/","og_site_name":"Blog GoPOS","article_published_time":"2020-05-27T09:13:36+00:00","article_modified_time":"2021-07-28T09:12:05+00:00","og_image":[{"width":804,"height":452,"url":"https:\/\/gopos.pl\/blog\/wp-content\/uploads\/2020\/05\/rozliczenie-straty.jpg","type":"image\/jpeg"}],"author":"biurogopos","twitter_card":"summary_large_image","twitter_misc":{"Napisane przez":"biurogopos","Szacowany czas czytania":"2 minuty"},"schema":{"@context":"https:\/\/schema.org","@graph":[{"@type":"WebPage","@id":"https:\/\/gopos.pl\/blog\/2020\/05\/27\/rozliczenie-straty-gastronomii-2020\/","url":"https:\/\/gopos.pl\/blog\/2020\/05\/27\/rozliczenie-straty-gastronomii-2020\/","name":"Rozliczenie straty z gastronomii za rok 2020 | Blog - Blog GoPOS","isPartOf":{"@id":"https:\/\/gopos.pl\/blog\/#website"},"datePublished":"2020-05-27T09:13:36+00:00","dateModified":"2021-07-28T09:12:05+00:00","author":{"@id":"https:\/\/gopos.pl\/blog\/#\/schema\/person\/1f9f802ec3d1fa841185c522ac70a866"},"description":"GoPos \u27a4 Rozliczenie straty z gastronomii za rok 2020 \u2b50 Porady i nowo\u015bci z bran\u017cy gastronomicznej \u2b50 Czytaj!","breadcrumb":{"@id":"https:\/\/gopos.pl\/blog\/2020\/05\/27\/rozliczenie-straty-gastronomii-2020\/#breadcrumb"},"inLanguage":"pl-PL","potentialAction":[{"@type":"ReadAction","target":["https:\/\/gopos.pl\/blog\/2020\/05\/27\/rozliczenie-straty-gastronomii-2020\/"]}]},{"@type":"BreadcrumbList","@id":"https:\/\/gopos.pl\/blog\/2020\/05\/27\/rozliczenie-straty-gastronomii-2020\/#breadcrumb","itemListElement":[{"@type":"ListItem","position":1,"name":"Strona g\u0142\u00f3wna","item":"https:\/\/gopos.pl\/blog\/"},{"@type":"ListItem","position":2,"name":"Rozliczenie straty z gastronomii za rok 2020"}]},{"@type":"WebSite","@id":"https:\/\/gopos.pl\/blog\/#website","url":"https:\/\/gopos.pl\/blog\/","name":"Blog GoPOS","description":"Najnowsze informacje ze \u015bwiata gastronomii \u2014 blog GoPOS","potentialAction":[{"@type":"SearchAction","target":{"@type":"EntryPoint","urlTemplate":"https:\/\/gopos.pl\/blog\/?s={search_term_string}"},"query-input":"required name=search_term_string"}],"inLanguage":"pl-PL"},{"@type":"Person","@id":"https:\/\/gopos.pl\/blog\/#\/schema\/person\/1f9f802ec3d1fa841185c522ac70a866","name":"biurogopos","image":{"@type":"ImageObject","inLanguage":"pl-PL","@id":"https:\/\/gopos.pl\/blog\/#\/schema\/person\/image\/","url":"https:\/\/secure.gravatar.com\/avatar\/1c00fc15a622f16867f039b13c221546?s=96&d=mm&r=g","contentUrl":"https:\/\/secure.gravatar.com\/avatar\/1c00fc15a622f16867f039b13c221546?s=96&d=mm&r=g","caption":"biurogopos"},"url":"https:\/\/gopos.pl\/blog\/author\/biurogopos\/"}]}},"_links":{"self":[{"href":"https:\/\/gopos.pl\/blog\/wp-json\/wp\/v2\/posts\/383"}],"collection":[{"href":"https:\/\/gopos.pl\/blog\/wp-json\/wp\/v2\/posts"}],"about":[{"href":"https:\/\/gopos.pl\/blog\/wp-json\/wp\/v2\/types\/post"}],"author":[{"embeddable":true,"href":"https:\/\/gopos.pl\/blog\/wp-json\/wp\/v2\/users\/7"}],"replies":[{"embeddable":true,"href":"https:\/\/gopos.pl\/blog\/wp-json\/wp\/v2\/comments?post=383"}],"version-history":[{"count":6,"href":"https:\/\/gopos.pl\/blog\/wp-json\/wp\/v2\/posts\/383\/revisions"}],"predecessor-version":[{"id":392,"href":"https:\/\/gopos.pl\/blog\/wp-json\/wp\/v2\/posts\/383\/revisions\/392"}],"wp:featuredmedia":[{"embeddable":true,"href":"https:\/\/gopos.pl\/blog\/wp-json\/wp\/v2\/media\/384"}],"wp:attachment":[{"href":"https:\/\/gopos.pl\/blog\/wp-json\/wp\/v2\/media?parent=383"}],"wp:term":[{"taxonomy":"category","embeddable":true,"href":"https:\/\/gopos.pl\/blog\/wp-json\/wp\/v2\/categories?post=383"},{"taxonomy":"post_tag","embeddable":true,"href":"https:\/\/gopos.pl\/blog\/wp-json\/wp\/v2\/tags?post=383"}],"curies":[{"name":"wp","href":"https:\/\/api.w.org\/{rel}","templated":true}]}}